{"id":2253,"date":"2021-02-09T07:17:17","date_gmt":"2021-02-09T06:17:17","guid":{"rendered":"http:\/\/agent.dfirma.pl\/?p=2253"},"modified":"2021-02-09T10:47:15","modified_gmt":"2021-02-09T09:47:15","slug":"ubezpieczeniowe-qa-czy-ubezpieczyciel-moze-zmniejszyc-wysokosc-odszkodowania-z-oc-sprawcy-jesli-do-szkody-przyczynil-sie-rodzic","status":"publish","type":"post","link":"https:\/\/agent.dfirma.pl\/index.php\/2021\/02\/09\/ubezpieczeniowe-qa-czy-ubezpieczyciel-moze-zmniejszyc-wysokosc-odszkodowania-z-oc-sprawcy-jesli-do-szkody-przyczynil-sie-rodzic\/","title":{"rendered":"Ubezpieczeniowe Q&#038;A: czy ubezpieczyciel mo\u017ce zmniejszy\u0107 wysoko\u015b\u0107 odszkodowania z OC sprawcy, je\u015bli do szkody przyczyni\u0142 si\u0119 rodzic?"},"content":{"rendered":"\n<p>Ubezpieczeniowe Q&amp;A to seria, w kt\u00f3rej eksperci w dziedzinie ubezpiecze\u0144 odpowiadaj\u0105 na pytania agent\u00f3w. Na pytanie o wp\u0142yw zaniedbania rodzica na sum\u0119 odszkodowania dziecka odpowie doradca zarz\u0105du Alwis&amp;Secura dr Stanis\u0142aw Kuta.<\/p>\n\n\n\n<p><strong>Pytanie: Czy ubezpieczyciel mo\u017ce zmniejszy\u0107 wysoko\u015b\u0107 odszkodowania i zado\u015b\u0107uczynienia z ubezpieczenia obowi\u0105zkowego odpowiedzialno\u015bci cywilnej pojazdu, powo\u0142uj\u0105c si\u0119 na przyczynienie rodzica do powstania lub zwi\u0119kszenia warto\u015bci szkody?<\/strong><\/p>\n\n\n\n<p>Zasada jest prosta. Zaniedbanie rodzica nie mo\u017ce by\u0107 podstaw\u0105 do zmniejszenia warto\u015bci odszkodowania i zado\u015b\u0107uczynienia przy ubezpieczeniu obowi\u0105zkowym OC pojazd\u00f3w. Ubezpieczyciel ma obowi\u0105zek naprawi\u0107 pe\u0142n\u0105 szkod\u0119 ma\u0142oletniego, nawet je\u015bli sprawc\u0105 wypadku by\u0142 jego rodzic lub je\u015bli przyczyni\u0142 si\u0119 do szkody dziecka (np. poprzez nieumiej\u0119tne zabezpieczenie dziecka podczas przewozu).<\/p>\n\n\n\n<p>Zdania ubezpieczycieli i polskich s\u0105d\u00f3w r\u00f3\u017cni\u0105 si\u0119 w tej sprawie. Bywa, \u017ce uznaj\u0105 przyczynowo\u015b\u0107 rodzic\u00f3w do szkody lub powi\u0119kszenia jej warto\u015bci i na tej podstawie obni\u017caj\u0105 warto\u015b\u0107 nale\u017cnego zado\u015b\u0107uczynienia. W celu rozwiania wszelkich w\u0105tpliwo\u015bci przytoczmy jednak stanowisko S\u0105du Najwy\u017cszego, kt\u00f3ry orzek\u0142:<\/p>\n\n\n\n<p><em>osoba (podmiot) zobowi\u0105zany na podstawie przepis\u00f3w ustawowych o odpowiedzialno\u015bci deliktowej do naprawienia szkody ma\u0142oletniego dziecka nie mo\u017ce \u017c\u0105da\u0107 zmniejszenia swojego zobowi\u0105zania odszkodowawczego na tej <\/em><em>podstawie, \u017ce szkoda ta znajduje si\u0119 w zwi\u0105zku przyczynowo skutkowym, czyli \u017ce wi\u0105\u017ce si\u0119 z zawinieniem rodzic\u00f3w lub brakiem nale\u017cytego nadzoru.<\/em>&nbsp;<\/p>\n\n\n\n<p>Przyk\u0142ad sytuacji, w kt\u00f3rej do szkody przyczyni\u0142 si\u0119 rodzic, wraz z jej s\u0105downym rozwi\u0105zaniem zosta\u0142 opisany na \u0142amach <a rel=\"noreferrer noopener\" href=\"https:\/\/www.rp.pl\/Ubezpieczenia-i-odszkodowania\/308319923-Choc-dziecko-nie-mialo-fotelika-ubezpieczyciel-placi---SN-o-przyczynieniu-sie-do-szkody.html\" target=\"_blank\">Rzeczypospolitej<\/a>. W tym wypadku zaniedbania matki polega\u0142y na przewo\u017ceniu ma\u0142ego dziecka bez fotelika. Oczywi\u015bcie\u00a0nale\u017cy pami\u0119ta\u0107, \u017ce ka\u017cda sprawa jest inna, co t\u0142umaczy r\u00f3\u017cnic\u0119 w rozstrzygni\u0119ciach s\u0105dowych. Co do zasady jednak wy\u017cej przytoczony wyrok S\u0105du jest obowi\u0105zuj\u0105cy.<\/p>\n\n\n\n<p>dr Stanis\u0142aw Kuta<br>doradca zarz\u0105du<br>Alwis&amp;Secura<\/p>\n\n\n\n<hr class=\"wp-block-separator is-cnvs-separator-id-1612852588494\"\/>\n","protected":false},"excerpt":{"rendered":"Ubezpieczeniowe Q&amp;A to seria, w kt\u00f3rej eksperci w dziedzinie ubezpiecze\u0144 odpowiadaj\u0105 na pytania agent\u00f3w. Na pytanie o wp\u0142yw&hellip;\n","protected":false},"author":1,"featured_media":2255,"comment_status":"open","ping_status":"open","sticky":false,"template":"","format":"standard","meta":{"csco_singular_sidebar":"","csco_page_header_type":"","csco_appearance_grid":"","csco_page_load_nextpost":"","csco_post_video_location":[],"csco_post_video_location_hash":"","csco_post_video_url":"","csco_post_video_bg_start_time":0,"csco_post_video_bg_end_time":0,"footnotes":""},"categories":[14],"tags":[],"class_list":{"0":"post-2253","1":"post","2":"type-post","3":"status-publish","4":"format-standard","5":"has-post-thumbnail","7":"category-pytania-i-odpowiedzi","8":"cs-entry","9":"cs-video-wrap"},"_links":{"self":[{"href":"https:\/\/agent.dfirma.pl\/index.php\/wp-json\/wp\/v2\/posts\/2253","targetHints":{"allow":["GET"]}}],"collection":[{"href":"https:\/\/agent.dfirma.pl\/index.php\/wp-json\/wp\/v2\/posts"}],"about":[{"href":"https:\/\/agent.dfirma.pl\/index.php\/wp-json\/wp\/v2\/types\/post"}],"author":[{"embeddable":true,"href":"https:\/\/agent.dfirma.pl\/index.php\/wp-json\/wp\/v2\/users\/1"}],"replies":[{"embeddable":true,"href":"https:\/\/agent.dfirma.pl\/index.php\/wp-json\/wp\/v2\/comments?post=2253"}],"version-history":[{"count":2,"href":"https:\/\/agent.dfirma.pl\/index.php\/wp-json\/wp\/v2\/posts\/2253\/revisions"}],"predecessor-version":[{"id":2266,"href":"https:\/\/agent.dfirma.pl\/index.php\/wp-json\/wp\/v2\/posts\/2253\/revisions\/2266"}],"wp:featuredmedia":[{"embeddable":true,"href":"https:\/\/agent.dfirma.pl\/index.php\/wp-json\/wp\/v2\/media\/2255"}],"wp:attachment":[{"href":"https:\/\/agent.dfirma.pl\/index.php\/wp-json\/wp\/v2\/media?parent=2253"}],"wp:term":[{"taxonomy":"category","embeddable":true,"href":"https:\/\/agent.dfirma.pl\/index.php\/wp-json\/wp\/v2\/categories?post=2253"},{"taxonomy":"post_tag","embeddable":true,"href":"https:\/\/agent.dfirma.pl\/index.php\/wp-json\/wp\/v2\/tags?post=2253"}],"curies":[{"name":"wp","href":"https:\/\/api.w.org\/{rel}","templated":true}]}}